{"id":491,"date":"2011-05-05T01:25:14","date_gmt":"2011-05-04T23:25:14","guid":{"rendered":"http:\/\/melone.noblogs.org\/?p=491"},"modified":"2011-11-17T20:33:02","modified_gmt":"2011-11-17T19:33:02","slug":"schema-di-gonzi","status":"publish","type":"post","link":"https:\/\/melone.noblogs.org\/?p=491","title":{"rendered":"Schema di Gonzi"},"content":{"rendered":"<p style=\"text-align: justify\">Alla fine Obama ha <a href=\"http:\/\/www.tmnews.it\/web\/sezioni\/top10\/20110504_200303.shtml\">deciso<\/a> di non mostrare le foto del cadavere di bin Laden. Nulla di cui stupirsi: una scelta coerente con il tono paternalistico del l&#8217;amministrazione americana e la tendenza a infantilizzare l&#8217;opinione pubblica internazionale che, a detta di molti, non avrebbe potuto sopportare la vista di immagini tanto &#8220;atroci&#8221;.<!--more--><\/p>\n<p style=\"text-align: justify\">E come dar loro torto quando ci sono persone che non chiedono altro? &#8220;[N]on c&#8217;\u00e8 motivo di pubblicare le foto di Bin Laden morto [&#8230;] chi ci crede ci crede&#8221;, <a href=\"http:\/\/www.francescocosta.net\/2011\/05\/04\/non-ce-motivo\/\">sentenzia<\/a> un esponente dell&#8217;<em>intelligentsia paracool<\/em> di sinistra. &#8220;La vita delle persone [&#8230;] \u00e8 molto pi\u00f9 importante che tentare [&#8230;] di appagare delle persone malate della peggiore malattia: la malafede&#8221;, <a href=\"http:\/\/www.distantisaluti.com\/noi-non-siamo-cosi\/\">afferma<\/a> con altrettanta sicumera un suo degno sodale.<\/p>\n<p style=\"text-align: justify\">Tuttavia, se da un lato \u00e8 scoraggiante constatare questa resa all&#8217;epopea occidentalista di settori sempre pi\u00f9 ampi della sinistra italiana -i giovani sono in buona compagnia, ascoltate <a href=\"http:\/\/tv.repubblica.it\/rubriche\/repubblica-domani\/la-vittoria-della-democrazia-americana\/67420?video=&amp;pagefrom=1\">Ezio Mauro<\/a> a riguardo- bisogna anche riconoscere il merito di queste prese di posizione. Esse rivelano il <a href=\"https:\/\/melone.noblogs.org\/post\/2011\/05\/02\/favole-per-gonzi\">punto<\/a> cruciale di tutta la faccenda: con buona pace della &#8216;cultura&#8217; razionalista ed empirista della &#8216;civilt\u00e0 occidentale&#8217;, il folle \u00e8 colui che dubita della narrazione hollywoodiana della realt\u00e0, mica chi ci crede.<\/p>\n<p style=\"text-align: justify\">La morte di bin Laden diventa un atto di fede, un dogma (neanche tanto) laico a cui bisogna aderire incondizionatamente pena la stigmatizzazione sociale. Non si pu\u00f2 non credere alle parole del nostro premuroso ed autorevole pater familias globale il quale, indaffarato com&#8217;\u00e8 ad assicurarci un futuro di prosperit\u00e0 e sicurezza, non pu\u00f2 mentire n\u00e9 perdere tempo con gli scettici. Chi non lo fa \u00e8 <em><\/em>&#8220;malat[*] della peggiore malattia: la malafede&#8221;. Mai come in questi tempi da brivido tornano utili le parole del filosofo e storico inglese R.G. Collingwood: <em>I can thank God for the reactionaries. They clarify the issue<\/em>.<\/p>\n","protected":false},"excerpt":{"rendered":"<p>Alla fine Obama ha deciso di non mostrare le foto del cadavere di bin Laden. Nulla di cui stupirsi: una scelta coerente con il tono paternalistico del l&#8217;amministrazione americana e la tendenza a infantilizzare l&#8217;opinione pubblica internazionale che, a detta di molti, non avrebbe potuto sopportare la vista di immagini tanto &#8220;atroci&#8221;.<\/p>\n","protected":false},"author":2560,"featured_media":0,"comment_status":"open","ping_status":"open","sticky":false,"template":"","format":"standard","meta":{"footnotes":""},"categories":[309],"tags":[227,281,277,278,283,253,279],"class_list":["post-491","post","type-post","status-publish","format-standard","hentry","category-fuffa-connection","tag-italia","tag-obama","tag-osama-bin-laden","tag-pakistan","tag-sinistra-italiana","tag-usa","tag-war-on-terror"],"_links":{"self":[{"href":"https:\/\/melone.noblogs.org\/index.php?rest_route=\/wp\/v2\/posts\/491","targetHints":{"allow":["GET"]}}],"collection":[{"href":"https:\/\/melone.noblogs.org\/index.php?rest_route=\/wp\/v2\/posts"}],"about":[{"href":"https:\/\/melone.noblogs.org\/index.php?rest_route=\/wp\/v2\/types\/post"}],"author":[{"embeddable":true,"href":"https:\/\/melone.noblogs.org\/index.php?rest_route=\/wp\/v2\/users\/2560"}],"replies":[{"embeddable":true,"href":"https:\/\/melone.noblogs.org\/index.php?rest_route=%2Fwp%2Fv2%2Fcomments&post=491"}],"version-history":[{"count":27,"href":"https:\/\/melone.noblogs.org\/index.php?rest_route=\/wp\/v2\/posts\/491\/revisions"}],"predecessor-version":[{"id":1583,"href":"https:\/\/melone.noblogs.org\/index.php?rest_route=\/wp\/v2\/posts\/491\/revisions\/1583"}],"wp:attachment":[{"href":"https:\/\/melone.noblogs.org\/index.php?rest_route=%2Fwp%2Fv2%2Fmedia&parent=491"}],"wp:term":[{"taxonomy":"category","embeddable":true,"href":"https:\/\/melone.noblogs.org\/index.php?rest_route=%2Fwp%2Fv2%2Fcategories&post=491"},{"taxonomy":"post_tag","embeddable":true,"href":"https:\/\/melone.noblogs.org\/index.php?rest_route=%2Fwp%2Fv2%2Ftags&post=491"}],"curies":[{"name":"wp","href":"https:\/\/api.w.org\/{rel}","templated":true}]}}