{"id":952,"date":"2011-07-23T23:50:27","date_gmt":"2011-07-23T21:50:27","guid":{"rendered":"http:\/\/melone.noblogs.org\/?p=952"},"modified":"2011-07-24T00:02:57","modified_gmt":"2011-07-23T22:02:57","slug":"help-the-fuffa-connection","status":"publish","type":"post","link":"https:\/\/melone.noblogs.org\/?p=952","title":{"rendered":"Help the Fuffa Connection!"},"content":{"rendered":"<p style=\"text-align: justify\">Uno passa un decennio a ripetere che il terrorismo \u00e8 intrinsecamente islamico e che l&#8217;Islam \u00e8 intrinsecamente terrorista. Ci costruisce un&#8217;intera carriera, articolo dopo articolo, fatta di m\u00f2niti contro la minaccia islamica. Poi arriva il <a href=\"http:\/\/www.ansa.it\/web\/notizie\/rubriche\/topnews\/2011\/07\/23\/visualizza_new.html_782376710.html\">tipico nazi-fascista europeo<\/a> -ariano, xenofobo, cristiano e conservatore- che compie una strage appropriandosi delle tue parole e ti rovina la festa.<!--more--><\/p>\n<p style=\"text-align: justify\">Da tempo, militanti e divulgatori della <a href=\"https:\/\/melone.noblogs.org\/post\/category\/fuffa-connection\/\">Fuffa Connection<\/a> prendevano posizione contro il lassismo delle sinistre europee e l&#8217;incombente totalitarismo islamista. Ora che qualcuno li ha presi alla lettera -e non \u00e8 il primo- questo manipolo di malcelati razzisti sembra aver perso la bussola. Alcuni perseverano, altri fanno distinguo, i pi\u00f9 furbi tacciono. Sprezzanti del ridicolo alcuni cavalieri occidentalisti,  Fiamma Nirenstein e Lucia Annunziata su tutti, hanno cercato disperatamente di riscodellare la sbobba tal quale. Uno spettacolo penoso che altri prima di me hanno provveduto  a registrare (<a href=\"http:\/\/in30secondi.altervista.org\/2011\/07\/23\/al-qaeda-attacca-oslo\/\">qui<\/a> e <a href=\"http:\/\/mazzetta.splinder.com\/post\/25224447\/niente-islamici-a-oslo\">qui<\/a>). Alla galleria degli orrori aggiungerei le acrobazie logiche di Christian Rocca, che sull&#8217;autore della strage <a href=\"http:\/\/www.camilloblog.it\/archivio\/2011\/07\/23\/idiozie\/\">scrive<\/a> quanto segue:<\/p>\n<blockquote>\n<p style=\"text-align: justify\">L&#8217;idiozia di chi ora paragona il terrorista &#8220;cristiano&#8221; a quelli  islamici, confondendo per ignoranza o malafede casi rari, isolati e  scollegati da dottrine religiose o chiese o scritture con la potenza  geometrica di una teologia politica, ideologica e temporale viva,  presente nella societ\u00e0, diffusa da governi, scuole, universit\u00e0,  televisioni e autorit\u00e0 religiose sulla base di un&#8217;interpretazione  nemmeno tanto eterodossa di uno dei pi\u00f9 potenti testi politici della  storia.<\/p>\n<\/blockquote>\n<p style=\"text-align: justify\">Per chi non lo conoscesse Rocca \u00e8 un noto <a href=\"http:\/\/www.dagospia.com\/rubrica-3\/politica\/1-duello-al-sole-per-un-pezzo-di-artiglieria-pesante-firmato-da-rambo-rocca2-17181.htm\">apologeta<\/a> di criminali  di guerra: basta che batta bandiera americana e ogni bombardiere diventa un trionfo della  democrazia. Rocca rilancia qualsiasi cosa scrivano velinari e neocons d&#8217;ogni sorta e genere, <a href=\"http:\/\/in30secondi.altervista.org\/2010\/01\/12\/ci-vediamo-a-ferrara\/\">intervista<\/a> millantatori di cariche accademiche, <a href=\"http:\/\/www.camilloblog.it\/archivio\/2010\/04\/06\/letica-protestante-di-the-wire-e-il-pendolo-di-mad-men\/\">attribuisce<\/a> &#8220;il Pendolo di Foucault&#8221; a Foucault stesso.<\/p>\n<p style=\"text-align: justify\">E per quanto riguarda il mondo islamico il nostro ha le idee fin troppo chiare. La logica del post qui sopra \u00e8 esemplare. Se il massacratore \u00e8 cristiano, lo si mette tra virgolette e lo si considera un&#8217;eccezione: &#8220;casi rari, isolati e  scollegati da dottrine religiose o chiese o scritture&#8221;. Se a fare lo stesso \u00e8 un musulmano non ci sono virgolette che tengano: quello che ha fatto \u00e8 supportato da &#8220;una teologia politica, ideologica e temporale viva,  presente nella  societ\u00e0, diffusa da governi, scuole, universit\u00e0,  televisioni e autorit\u00e0  religiose&#8221;. Come a dire: la chiesa \u00e8 morta, e anche se fosse viva non c&#8217;entrerebbe comunque nulla; l&#8217;Islam, invece, dispone di istituzioni secolari e religiose per inculcare il culto della morte a pi\u00f9 di un miliardo di musulmani, che non aspetta altro che farsi esplodere.<\/p>\n<p style=\"text-align: justify\">L&#8217;ho <a href=\"http:\/\/melone.altervista.org\/2010\/10\/21\/qualcosa-da-odiare-presto\/\">scritto<\/a> e <a href=\"http:\/\/melone.altervista.org\/2011\/02\/23\/lentropia-della-fuffa\/\">ribadito<\/a> a suo tempo. In un futuro sempre pi\u00f9 vicino, una lunga lista di persone\u00a0 -da Daniel Pipes a Bat Ye&#8217;or fino ai loro grotteschi epigoni come Magdi Allam, Geert Wilders, Souad Sbai, Mario Borghezio e Daniela Santanch\u00e9- dovr\u00e0 semplicemente prendere atto del proprio fallimento professionale e intellettuale.<\/p>\n","protected":false},"excerpt":{"rendered":"<p>Uno passa un decennio a ripetere che il terrorismo \u00e8 intrinsecamente islamico e che l&#8217;Islam \u00e8 intrinsecamente terrorista. Ci costruisce un&#8217;intera carriera, articolo dopo articolo, fatta di m\u00f2niti contro la minaccia islamica. Poi arriva il tipico nazi-fascista europeo -ariano, xenofobo, cristiano e conservatore- che compie una strage appropriandosi delle tue parole e ti rovina la [&hellip;]<\/p>\n","protected":false},"author":2560,"featured_media":0,"comment_status":"open","ping_status":"open","sticky":false,"template":"","format":"standard","meta":{"footnotes":""},"categories":[309],"tags":[409,474],"class_list":["post-952","post","type-post","status-publish","format-standard","hentry","category-fuffa-connection","tag-islamofobia","tag-oslo"],"_links":{"self":[{"href":"https:\/\/melone.noblogs.org\/index.php?rest_route=\/wp\/v2\/posts\/952","targetHints":{"allow":["GET"]}}],"collection":[{"href":"https:\/\/melone.noblogs.org\/index.php?rest_route=\/wp\/v2\/posts"}],"about":[{"href":"https:\/\/melone.noblogs.org\/index.php?rest_route=\/wp\/v2\/types\/post"}],"author":[{"embeddable":true,"href":"https:\/\/melone.noblogs.org\/index.php?rest_route=\/wp\/v2\/users\/2560"}],"replies":[{"embeddable":true,"href":"https:\/\/melone.noblogs.org\/index.php?rest_route=%2Fwp%2Fv2%2Fcomments&post=952"}],"version-history":[{"count":31,"href":"https:\/\/melone.noblogs.org\/index.php?rest_route=\/wp\/v2\/posts\/952\/revisions"}],"predecessor-version":[{"id":982,"href":"https:\/\/melone.noblogs.org\/index.php?rest_route=\/wp\/v2\/posts\/952\/revisions\/982"}],"wp:attachment":[{"href":"https:\/\/melone.noblogs.org\/index.php?rest_route=%2Fwp%2Fv2%2Fmedia&parent=952"}],"wp:term":[{"taxonomy":"category","embeddable":true,"href":"https:\/\/melone.noblogs.org\/index.php?rest_route=%2Fwp%2Fv2%2Fcategories&post=952"},{"taxonomy":"post_tag","embeddable":true,"href":"https:\/\/melone.noblogs.org\/index.php?rest_route=%2Fwp%2Fv2%2Ftags&post=952"}],"curies":[{"name":"wp","href":"https:\/\/api.w.org\/{rel}","templated":true}]}}