{"id":985,"date":"2011-07-24T09:13:21","date_gmt":"2011-07-24T07:13:21","guid":{"rendered":"http:\/\/melone.noblogs.org\/?p=985"},"modified":"2011-07-24T09:16:56","modified_gmt":"2011-07-24T07:16:56","slug":"qualcosa-da-odiare-presto","status":"publish","type":"post","link":"https:\/\/melone.noblogs.org\/?p=985","title":{"rendered":"Qualcosa da odiare, presto!*"},"content":{"rendered":"<p style=\"text-align: right\"><em>* [<a href=\"http:\/\/imelon.wordpress.com\/2010\/10\/21\/qualcosa-da-odiare-presto\/\">Pubblicato il 21\/10\/2010<\/a>] <\/em><\/p>\n<p style=\"text-align: justify\"><em><\/em><em>It\u2019s the Occupation, Stupid!<\/em> Robert Pape <a href=\"http:\/\/www.foreignpolicy.com\/articles\/2010\/10\/18\/it_s_the_occupation_stupid?page=0,0\">pubblica<\/a> un articolo di quattro pagine su Foreign Policy (grazie Shaina). Se ne <a href=\"http:\/\/imelon.wordpress.com\/2010\/10\/14\/piano-piano-ci-arrivano-tutti\/\">parlava<\/a> qualche giorno fa. Pape \u00e8 un professore di scienze politiche ed ha  realizzato uno studio quantitativo per determinare le cause principali  degli attacchi suicidi. <!--more-->La sua ricerca mette a dura prova la validit\u00e0  della teoria prevalentemente in uso per spiegare questo fenomeno, quella  secondo cui la religione sarebbe la causa di tutto:<\/p>\n<blockquote>\n<p style=\"text-align: justify\">Poich\u00e9 tutti gli attentatori del 9\/11  erano musulmani, \u00e8 stato facile presumere che il fondamentalismo  islamico fosse la ragione principale per uccidere s\u00e9 stessi e gli  americani. [&#8230;] La narrativa del fondamentalismo islamico ha fatto  molto pi\u00f9 che spiegare perch\u00e9 l\u2019America fosse sotto attacco e sostenere  la guerra contro l\u2019Iraq. Ha anche fornito una semplice, grande  soluzione. Se il fondamentalismo islamico guidava la minaccia e se le  sue radici erano cresciute all\u2019interno della cultura del mondo arabo,  allora l\u2019America aveva una chiara missione: trasformare le societ\u00e0 arabe  \u2014 con le istituzioni politiche e le norme sociali Occidentali come  antidoto definitivo al virus dell\u2019estremismo islamico.<\/p>\n<\/blockquote>\n<p style=\"text-align: justify\">La ricerca di Pape, che a quanto pare  sta riscuotendo ampi consensi, arriva a delle conclusioni leggeremente  diverse. La religione c\u2019entra, ma solo indirettamente poich\u00e9 la causa  diretta degli attacchi suicidi \u00e8 l\u2019occupazione militare da parte di  forze straniere. E chi l\u2019avrebbe mai detto?! A futura memoria, alcuni  passi significativi:<\/p>\n<blockquote>\n<p style=\"text-align: justify\">[I]l terrorismo suicida come quello del  9\/11 \u00e8 decisamente sensibile all\u2019occupazione militare straniera, e non  al fondamentalismo islamico o qualsiasi altra ideologia indipendente da  questa fondamentale circostanza. [&#8230;] Pi\u00f9 del 95 per cento di tutti gli  attacchi suicidi \u00e8 in risposta all\u2019occupazione militare straniera [&#8230;]  La maggioranza degli attacchi suicidi\u00a0 proviene da regioni localmente  minacciate da eserciti stranieri, il che spiega come mai il 90 per cento  degli attacchi suicidi in Afghanistan venga compiuto da afghani. [&#8230;]  La differenza religiosa \u00e8 importante non perch\u00e9 alcune religioni sono  pi\u00f9 predisposte di altre al terrorismo suicida. [&#8230;] Piuttosto, la  differenza religiosa permette ai leader dei gruppi terroristi di  affermare che l\u2019occupante \u00e8 guidato da ragioni religiose in modo da  spaventare sia i membri laici che quelli religiosi della comunit\u00e0 locale  \u2013\u00a0 ecco perch\u00e9 Osama bin Laden non perde\u00a0 occasione per descrivere le  forze d\u2019occupazione militare USA come \u201ccrociati\u201d guidati da un\u2019agenda  cristiana tesa a convertire i musulmani, rubare loro le risorse, e  cambiare lo stile di vita delle popolazioni\u00a0 locali.<\/p>\n<\/blockquote>\n<p style=\"text-align: justify\">Qui c\u2019\u00e8 una marea di giornalisti,  sedicenti esperti di Islam e commentatori a vario titolo che rischia di  essere ricollocata, verso il basso. Voglio dire, cosa scriveranno d\u2019ora  in poi i vari Rocca, Meotti, Panella, il Foglio, il Corsera e la  corrente fallaciana, Magdi-mi-si-nota-di-pi\u00f9-se-Cristiano Allam, la  Santanch\u00e9 (ammesso che sappia scrivere), bloggers del calibro di Sofry  Baby, Costa e Fontana? E gli intellettuali illuminati d\u2019oltremare? Cosa  scriveranno Bat <a href=\"http:\/\/imelon.wordpress.com\/2010\/02\/05\/time-to-take-notice-piccoli-magdi-crescono\/\">Ye\u2019or<\/a>, Paul <a href=\"http:\/\/imelon.wordpress.com\/2010\/09\/13\/e-pure-questi-li-abbiamo-sistemati\/\">Berman<\/a>, Daniel <a href=\"http:\/\/imelon.wordpress.com\/?s=pipes\">Pipes<\/a>, Bernard <a href=\"http:\/\/imelon.wordpress.com\/?s=lewis\">Lewis<\/a>, Lorenzo <a href=\"http:\/\/imelon.wordpress.com\/?s=vidino\">Vidino<\/a> e moltissimi personaggi altrettanto squalificati che come loro hanno  costruito le proprie fortune professionali su una simile baggianata?<\/p>\n<p style=\"text-align: justify\">Ora, dopo che il giocattolo della paura \u00e8  stato frantumato dai numeri di un professore vicino agli ambienti  militari USA, resta solo una cosa da stabilire: chi \u00e8 ignorante e chi in  malafede.<\/p>\n","protected":false},"excerpt":{"rendered":"<p>* [Pubblicato il 21\/10\/2010] It\u2019s the Occupation, Stupid! Robert Pape pubblica un articolo di quattro pagine su Foreign Policy (grazie Shaina). Se ne parlava qualche giorno fa. Pape \u00e8 un professore di scienze politiche ed ha realizzato uno studio quantitativo per determinare le cause principali degli attacchi suicidi.<\/p>\n","protected":false},"author":2560,"featured_media":0,"comment_status":"open","ping_status":"open","sticky":false,"template":"","format":"standard","meta":{"footnotes":""},"categories":[309],"tags":[124,404,409,430,479,480,476],"class_list":["post-985","post","type-post","status-publish","format-standard","hentry","category-fuffa-connection","tag-berman","tag-islam","tag-islamofobia","tag-lewis","tag-robert-pape","tag-vidino","tag-yeor"],"_links":{"self":[{"href":"https:\/\/melone.noblogs.org\/index.php?rest_route=\/wp\/v2\/posts\/985","targetHints":{"allow":["GET"]}}],"collection":[{"href":"https:\/\/melone.noblogs.org\/index.php?rest_route=\/wp\/v2\/posts"}],"about":[{"href":"https:\/\/melone.noblogs.org\/index.php?rest_route=\/wp\/v2\/types\/post"}],"author":[{"embeddable":true,"href":"https:\/\/melone.noblogs.org\/index.php?rest_route=\/wp\/v2\/users\/2560"}],"replies":[{"embeddable":true,"href":"https:\/\/melone.noblogs.org\/index.php?rest_route=%2Fwp%2Fv2%2Fcomments&post=985"}],"version-history":[{"count":7,"href":"https:\/\/melone.noblogs.org\/index.php?rest_route=\/wp\/v2\/posts\/985\/revisions"}],"predecessor-version":[{"id":993,"href":"https:\/\/melone.noblogs.org\/index.php?rest_route=\/wp\/v2\/posts\/985\/revisions\/993"}],"wp:attachment":[{"href":"https:\/\/melone.noblogs.org\/index.php?rest_route=%2Fwp%2Fv2%2Fmedia&parent=985"}],"wp:term":[{"taxonomy":"category","embeddable":true,"href":"https:\/\/melone.noblogs.org\/index.php?rest_route=%2Fwp%2Fv2%2Fcategories&post=985"},{"taxonomy":"post_tag","embeddable":true,"href":"https:\/\/melone.noblogs.org\/index.php?rest_route=%2Fwp%2Fv2%2Ftags&post=985"}],"curies":[{"name":"wp","href":"https:\/\/api.w.org\/{rel}","templated":true}]}}